{"id":22,"date":"2022-03-30T14:37:30","date_gmt":"2022-03-30T12:37:30","guid":{"rendered":"http:\/\/glos-ojca.pl\/?p=22"},"modified":"2022-03-30T21:31:27","modified_gmt":"2022-03-30T19:31:27","slug":"edk-2021","status":"publish","type":"post","link":"http:\/\/glos-ojca.pl\/index.php\/2022\/03\/30\/edk-2021\/","title":{"rendered":"EDK 2021 z modlitwa dooko\u0142a Pruszk\u00f3wa"},"content":{"rendered":"\n<p><em>Nie mam tre\u015bci, nic nie napisa\u0142e\u015b, nie wiem co wstawi\u0107 jest tylko zdj\u0119cie.Nie mam tre\u015bci, nic nie napisa\u0142e\u015b, nie wiem co wstawi\u0107 jest tylko zdj\u0119cie.<\/em> Nie mam tre\u015bci, nic nie napisa\u0142e\u015b, nie wiem co wstawi\u0107 jest tylko zdj\u0119cie.<\/p>\n\n\n\n<h2 class=\"wp-block-heading\"> Nie mam tre\u015bci, nic nie napisa\u0142e\u015b, nie wiem co wstawi\u0107 jest tylko zdj\u0119cie.<\/h2>\n\n\n\n<p>Nie mam tre\u015bci, nic nie napisa\u0142e\u015b, nie wiem co wstawi\u0107 jest tylko zdj\u0119cie.<\/p>\n\n\n\n<p>Nie mam tre\u015bci, nic nie napisa\u0142e\u015b, nie wiem co wstawi\u0107 jest tylko zdj\u0119cie.Nie mam tre\u015bci, nic nie napisa\u0142e\u015b, nie wiem co wstawi\u0107 jest tylko zdj\u0119cie.Nie mam tre\u015bci, nic nie napisa\u0142e\u015b, nie wiem co wstawi\u0107 jest tylko zdj\u0119cie.Nie mam tre\u015bci, nic nie napisa\u0142e\u015b, nie wiem co wstawi\u0107 jest tylko zdj\u0119cie.Nie mam tre\u015bci, nic nie napisa\u0142e\u015b, nie wiem co wstawi\u0107 jest tylko zdj\u0119cie..<\/p>\n","protected":false},"excerpt":{"rendered":"<p>Nie mam tre\u015bci, nic nie napisa\u0142e\u015b, nie wiem co wstawi\u0107 jest tylko zdj\u0119cie.Nie mam tre\u015bci, nic nie napisa\u0142e\u015b, nie wiem co wstawi\u0107 jest tylko zdj\u0119cie. Nie mam tre\u015bci, nic nie napisa\u0142e\u015b, nie wiem co wstawi\u0107 jest tylko zdj\u0119cie. Nie mam tre\u015bci, nic nie napisa\u0142e\u015b, nie wiem co wstawi\u0107 jest tylko [&hellip;]<\/p>\n","protected":false},"author":1,"featured_media":150,"comment_status":"closed","ping_status":"closed","sticky":false,"template":"","format":"standard","meta":{"_themeisle_gutenberg_block_has_review":false,"footnotes":""},"categories":[1],"tags":[],"class_list":["post-22","post","type-post","status-publish","format-standard","has-post-thumbnail","hentry","category-rekolekcje"],"_links":{"self":[{"href":"http:\/\/glos-ojca.pl\/index.php\/wp-json\/wp\/v2\/posts\/22","targetHints":{"allow":["GET"]}}],"collection":[{"href":"http:\/\/glos-ojca.pl\/index.php\/wp-json\/wp\/v2\/posts"}],"about":[{"href":"http:\/\/glos-ojca.pl\/index.php\/wp-json\/wp\/v2\/types\/post"}],"author":[{"embeddable":true,"href":"http:\/\/glos-ojca.pl\/index.php\/wp-json\/wp\/v2\/users\/1"}],"replies":[{"embeddable":true,"href":"http:\/\/glos-ojca.pl\/index.php\/wp-json\/wp\/v2\/comments?post=22"}],"version-history":[{"count":3,"href":"http:\/\/glos-ojca.pl\/index.php\/wp-json\/wp\/v2\/posts\/22\/revisions"}],"predecessor-version":[{"id":151,"href":"http:\/\/glos-ojca.pl\/index.php\/wp-json\/wp\/v2\/posts\/22\/revisions\/151"}],"wp:featuredmedia":[{"embeddable":true,"href":"http:\/\/glos-ojca.pl\/index.php\/wp-json\/wp\/v2\/media\/150"}],"wp:attachment":[{"href":"http:\/\/glos-ojca.pl\/index.php\/wp-json\/wp\/v2\/media?parent=22"}],"wp:term":[{"taxonomy":"category","embeddable":true,"href":"http:\/\/glos-ojca.pl\/index.php\/wp-json\/wp\/v2\/categories?post=22"},{"taxonomy":"post_tag","embeddable":true,"href":"http:\/\/glos-ojca.pl\/index.php\/wp-json\/wp\/v2\/tags?post=22"}],"curies":[{"name":"wp","href":"https:\/\/api.w.org\/{rel}","templated":true}]}}